{"id":140,"date":"2022-08-16T00:07:57","date_gmt":"2022-08-15T22:07:57","guid":{"rendered":"http:\/\/karlschmidt.eu\/wp\/?p=140"},"modified":"2023-03-25T12:48:47","modified_gmt":"2023-03-25T11:48:47","slug":"atomkraft-und-blackout-gefahr","status":"publish","type":"post","link":"https:\/\/karlschmidt.eu\/wp\/2022\/08\/16\/atomkraft-und-blackout-gefahr\/","title":{"rendered":"Atomkraft und Blackout-Gefahr"},"content":{"rendered":"\n<p>Zum Jahresende 2022 gehen die letzten Kernkarftwerke, die noch 10% des durchschnittlichen Stromverbrauchs liefern, dank des von Frau Merkel beschlossenen Ausstiegs aus der Kernkraft vom Netz. Da dieser fehlende Strom auch von den verbleibenen Gas- und Kohlekraftwerken nicht kompensiert werden kann, womit uns Stromabschaltungen und schlimmstenfalls ein tagelanger Blackout drohen, weil man uns auch von dem wichtigsten Kohle- und Gaslieferanten Russland abgeschnitten hat, reden manche davon, dass man doch die bestehenden Kernkraftwerke zumindest den Winter \u00fcber weiterlaufen lassen k\u00f6nnte.<\/p>\n\n\n\n<p>Zwar erlauben teilweise verbrauchte Brennelemente keinen Volllast-Betrieb, aber laut <a href=\"https:\/\/nuklearia.de\/2022\/03\/15\/kernkraftwerke-bieten-erhebliche-reserven-fuer-winter-2022-23\/\">Nuklearia.de<\/a> gibt es noch erhebliche Reserven, die in einem Streckbetrieb die Dramatik erheblich abmildern w\u00fcrden. Aber die Gefahr bleibt wegen mangelnder Gas- und Kohleversorgung weiterhin bestehen. Nur die bedingungslose Beendigung der Sanktionspolitik bietet eine reelle Chance f\u00fcr eine gesicherte Energieversorgung, aber daf\u00fcr m\u00fcsste man sich auch \u00fcber das Importverbot hinwegsetzen, dass unsere Oberregierung in Br\u00fcssel verf\u00fcgt hat. Das wird ganz sicher nicht passieren, solange die Regierenden nicht f\u00fcrchten m\u00fcssen, dass man sie aus dem Amt jagt, aber wer soll das machen?<\/p>\n\n\n\n<p><\/p>\n","protected":false},"excerpt":{"rendered":"<p>Zum Jahresende 2022 gehen die letzten Kernkarftwerke, die noch 10% des durchschnittlichen Stromverbrauchs liefern, dank des von Frau Merkel beschlossenen Ausstiegs aus der Kernkraft vom Netz. Da dieser fehlende Strom auch von den verbleibenen Gas- und Kohlekraftwerken nicht kompensiert werden kann, womit uns Stromabschaltungen und schlimmstenfalls ein tagelanger Blackout drohen, weil man uns auch von &#8230; <a title=\"Atomkraft und Blackout-Gefahr\" class=\"read-more\" href=\"https:\/\/karlschmidt.eu\/wp\/2022\/08\/16\/atomkraft-und-blackout-gefahr\/\" aria-label=\"Mehr dazu unter Atomkraft und Blackout-Gefahr\">Weiterlesen<\/a><\/p>\n","protected":false},"author":3,"featured_media":0,"comment_status":"open","ping_status":"open","sticky":false,"template":"","format":"standard","meta":{"footnotes":""},"categories":[1],"tags":[],"class_list":["post-140","post","type-post","status-publish","format-standard","hentry","category-allgemein"],"_links":{"self":[{"href":"https:\/\/karlschmidt.eu\/wp\/wp-json\/wp\/v2\/posts\/140","targetHints":{"allow":["GET"]}}],"collection":[{"href":"https:\/\/karlschmidt.eu\/wp\/wp-json\/wp\/v2\/posts"}],"about":[{"href":"https:\/\/karlschmidt.eu\/wp\/wp-json\/wp\/v2\/types\/post"}],"author":[{"embeddable":true,"href":"https:\/\/karlschmidt.eu\/wp\/wp-json\/wp\/v2\/users\/3"}],"replies":[{"embeddable":true,"href":"https:\/\/karlschmidt.eu\/wp\/wp-json\/wp\/v2\/comments?post=140"}],"version-history":[{"count":9,"href":"https:\/\/karlschmidt.eu\/wp\/wp-json\/wp\/v2\/posts\/140\/revisions"}],"predecessor-version":[{"id":177,"href":"https:\/\/karlschmidt.eu\/wp\/wp-json\/wp\/v2\/posts\/140\/revisions\/177"}],"wp:attachment":[{"href":"https:\/\/karlschmidt.eu\/wp\/wp-json\/wp\/v2\/media?parent=140"}],"wp:term":[{"taxonomy":"category","embeddable":true,"href":"https:\/\/karlschmidt.eu\/wp\/wp-json\/wp\/v2\/categories?post=140"},{"taxonomy":"post_tag","embeddable":true,"href":"https:\/\/karlschmidt.eu\/wp\/wp-json\/wp\/v2\/tags?post=140"}],"curies":[{"name":"wp","href":"https:\/\/api.w.org\/{rel}","templated":true}]}}